{"id":5160,"date":"2025-06-26T06:52:58","date_gmt":"2025-06-26T06:52:58","guid":{"rendered":"https:\/\/igs-hf.org\/?p=5160"},"modified":"2025-06-26T06:52:58","modified_gmt":"2025-06-26T06:52:58","slug":"start-des-sommercamps-an-der-international-german-school-hefei","status":"publish","type":"post","link":"https:\/\/igs-hf.org\/de\/start-des-sommercamps-an-der-international-german-school-hefei\/","title":{"rendered":"Start des Sommercamps an der International German School Hefei"},"content":{"rendered":"\n<p>Diese Woche startete das Sommercamp an der International German School Hefei und markierte den Beginn von zwei Wochen Entdecken, Kreativit\u00e4t und Lernen. Unter dem Motto \u201cIGS Explorers: Examining the World Around Us!\u201d wurden die Sch\u00fclerinnen und Sch\u00fcler mit einer ruhigen und konzentrierten Yoga-Einheit zum Thema Tiere begr\u00fc\u00dft, um sich in entspannter Atmosph\u00e4re auf das Camp einzustimmen. Anschlie\u00dfend folgten Team\u00fcbungen in der Turnhalle, bei denen die Kinder in kleinen Gruppen zusammenarbeiteten, Vertrauen aufbauten und spielerisch ihre Kommunikationsf\u00e4higkeiten st\u00e4rkten.  <\/p>\n<div class=\"gb-container gb-container-9d263668\"><\/div>\n<figure class=\"wp-block-image size-large\"><img fetchpriority=\"high\" decoding=\"async\" width=\"1024\" height=\"670\" src=\"https:\/\/test.haoaws.com\/wp-content\/uploads\/2025\/06\/21471750761137_.pic_hd-2-1024x670.jpg\" alt=\"\" class=\"wp-image-5133\" srcset=\"https:\/\/igs-hf.org\/wp-content\/uploads\/2025\/06\/21471750761137_.pic_hd-2-1024x670.jpg 1024w, https:\/\/igs-hf.org\/wp-content\/uploads\/2025\/06\/21471750761137_.pic_hd-2-300x196.jpg 300w, https:\/\/igs-hf.org\/wp-content\/uploads\/2025\/06\/21471750761137_.pic_hd-2-768x502.jpg 768w, https:\/\/igs-hf.org\/wp-content\/uploads\/2025\/06\/21471750761137_.pic_hd-2-1536x1005.jpg 1536w, https:\/\/igs-hf.org\/wp-content\/uploads\/2025\/06\/21471750761137_.pic_hd-2-2048x1339.jpg 2048w\" sizes=\"(max-width: 1024px) 100vw, 1024px\" \/><\/figure>\n<div class=\"gb-container gb-container-bd04fba3\"><\/div>\n<p>Zu Beginn des Tages erhielt jedes Kind ein pers\u00f6nliches Camp-Paket, das grundlegende Materialien und ein Reflexionstagebuch enthielt. Dieses Tagebuch soll t\u00e4glich genutzt werden, damit die Sch\u00fclerinnen und Sch\u00fcler ihre Gedanken, Erlebnisse und Zeichnungen festhalten k\u00f6nnen. <\/p>\n<div class=\"gb-container gb-container-f01081d9\"><\/div>\n<figure class=\"wp-block-image size-large\"><img decoding=\"async\" width=\"1024\" height=\"768\" src=\"https:\/\/test.haoaws.com\/wp-content\/uploads\/2025\/06\/21481750761139_.pic_hd-1024x768.jpg\" alt=\"\" class=\"wp-image-5136\" srcset=\"https:\/\/igs-hf.org\/wp-content\/uploads\/2025\/06\/21481750761139_.pic_hd-1024x768.jpg 1024w, https:\/\/igs-hf.org\/wp-content\/uploads\/2025\/06\/21481750761139_.pic_hd-300x225.jpg 300w, https:\/\/igs-hf.org\/wp-content\/uploads\/2025\/06\/21481750761139_.pic_hd-768x576.jpg 768w, https:\/\/igs-hf.org\/wp-content\/uploads\/2025\/06\/21481750761139_.pic_hd-1536x1152.jpg 1536w, https:\/\/igs-hf.org\/wp-content\/uploads\/2025\/06\/21481750761139_.pic_hd-2048x1536.jpg 2048w\" sizes=\"(max-width: 1024px) 100vw, 1024px\" \/><\/figure>\n<div class=\"gb-container gb-container-c539993f\"><\/div>\n<figure class=\"wp-block-image size-large\"><img decoding=\"async\" width=\"1024\" height=\"768\" src=\"https:\/\/test.haoaws.com\/wp-content\/uploads\/2025\/06\/21491750761140_.pic_hd-1-1024x768.jpg\" alt=\"\" class=\"wp-image-5139\" srcset=\"https:\/\/igs-hf.org\/wp-content\/uploads\/2025\/06\/21491750761140_.pic_hd-1-1024x768.jpg 1024w, https:\/\/igs-hf.org\/wp-content\/uploads\/2025\/06\/21491750761140_.pic_hd-1-300x225.jpg 300w, https:\/\/igs-hf.org\/wp-content\/uploads\/2025\/06\/21491750761140_.pic_hd-1-768x576.jpg 768w, https:\/\/igs-hf.org\/wp-content\/uploads\/2025\/06\/21491750761140_.pic_hd-1-1536x1152.jpg 1536w, https:\/\/igs-hf.org\/wp-content\/uploads\/2025\/06\/21491750761140_.pic_hd-1-2048x1536.jpg 2048w\" sizes=\"(max-width: 1024px) 100vw, 1024px\" \/><\/figure>\n<div class=\"gb-container gb-container-0ad46eb3\"><\/div>\n<figure class=\"wp-block-image size-large\"><img loading=\"lazy\" decoding=\"async\" width=\"1024\" height=\"769\" src=\"https:\/\/test.haoaws.com\/wp-content\/uploads\/2025\/06\/21501750761142_.pic_hd-1-1024x769.jpg\" alt=\"\" class=\"wp-image-5142\" srcset=\"https:\/\/igs-hf.org\/wp-content\/uploads\/2025\/06\/21501750761142_.pic_hd-1-1024x769.jpg 1024w, https:\/\/igs-hf.org\/wp-content\/uploads\/2025\/06\/21501750761142_.pic_hd-1-300x225.jpg 300w, https:\/\/igs-hf.org\/wp-content\/uploads\/2025\/06\/21501750761142_.pic_hd-1-768x576.jpg 768w, https:\/\/igs-hf.org\/wp-content\/uploads\/2025\/06\/21501750761142_.pic_hd-1-1536x1153.jpg 1536w, https:\/\/igs-hf.org\/wp-content\/uploads\/2025\/06\/21501750761142_.pic_hd-1-2048x1537.jpg 2048w\" sizes=\"(max-width: 1024px) 100vw, 1024px\" \/><\/figure>\n<div class=\"gb-container gb-container-5213a9db\"><\/div>\n<p>Nach einem gesunden und ausgewogenen Mittagessen in der Cafeteria begaben sich die Kinder auf eine Schnitzeljagd rund um die Schule. An verschiedenen Stationen sammelten sie interessante Fakten \u00fcber Tiere und meisterten kleine Aufgaben. Den Abschluss bildete ein kreativer Workshop, bei dem die Kinder ihre eigenen Zoo-Dioramen bastelten \u2013 eine fantasievolle M\u00f6glichkeit, das Gelernte auszudr\u00fccken und die Eindr\u00fccke des Tages zu verarbeiten.  <\/p>\n<div class=\"gb-container gb-container-6f7c3d5d\"><\/div>\n<figure class=\"wp-block-image size-large\"><img loading=\"lazy\" decoding=\"async\" width=\"1024\" height=\"768\" src=\"https:\/\/test.haoaws.com\/wp-content\/uploads\/2025\/06\/21511750761143_.pic_hd-1024x768.jpg\" alt=\"\" class=\"wp-image-5145\" srcset=\"https:\/\/igs-hf.org\/wp-content\/uploads\/2025\/06\/21511750761143_.pic_hd-1024x768.jpg 1024w, https:\/\/igs-hf.org\/wp-content\/uploads\/2025\/06\/21511750761143_.pic_hd-300x225.jpg 300w, https:\/\/igs-hf.org\/wp-content\/uploads\/2025\/06\/21511750761143_.pic_hd-768x576.jpg 768w, https:\/\/igs-hf.org\/wp-content\/uploads\/2025\/06\/21511750761143_.pic_hd-1536x1152.jpg 1536w, https:\/\/igs-hf.org\/wp-content\/uploads\/2025\/06\/21511750761143_.pic_hd-2048x1536.jpg 2048w\" sizes=\"(max-width: 1024px) 100vw, 1024px\" \/><\/figure>\n<div class=\"gb-container gb-container-3aef1151\"><\/div>\n<figure class=\"wp-block-image size-large\"><img loading=\"lazy\" decoding=\"async\" width=\"1024\" height=\"768\" src=\"https:\/\/test.haoaws.com\/wp-content\/uploads\/2025\/06\/21521750761144_.pic_hd-1024x768.jpg\" alt=\"\" class=\"wp-image-5148\" srcset=\"https:\/\/igs-hf.org\/wp-content\/uploads\/2025\/06\/21521750761144_.pic_hd-1024x768.jpg 1024w, https:\/\/igs-hf.org\/wp-content\/uploads\/2025\/06\/21521750761144_.pic_hd-300x225.jpg 300w, https:\/\/igs-hf.org\/wp-content\/uploads\/2025\/06\/21521750761144_.pic_hd-768x576.jpg 768w, https:\/\/igs-hf.org\/wp-content\/uploads\/2025\/06\/21521750761144_.pic_hd-1536x1152.jpg 1536w, https:\/\/igs-hf.org\/wp-content\/uploads\/2025\/06\/21521750761144_.pic_hd-2048x1537.jpg 2048w\" sizes=\"(max-width: 1024px) 100vw, 1024px\" \/><\/figure>\n<div class=\"gb-container gb-container-330e4ffa\"><\/div>\n<figure class=\"wp-block-image size-large\"><img loading=\"lazy\" decoding=\"async\" width=\"1024\" height=\"768\" src=\"https:\/\/test.haoaws.com\/wp-content\/uploads\/2025\/06\/21531750761146_.pic_hd-1024x768.jpg\" alt=\"\" class=\"wp-image-5151\" srcset=\"https:\/\/igs-hf.org\/wp-content\/uploads\/2025\/06\/21531750761146_.pic_hd-1024x768.jpg 1024w, https:\/\/igs-hf.org\/wp-content\/uploads\/2025\/06\/21531750761146_.pic_hd-300x225.jpg 300w, https:\/\/igs-hf.org\/wp-content\/uploads\/2025\/06\/21531750761146_.pic_hd-768x576.jpg 768w, https:\/\/igs-hf.org\/wp-content\/uploads\/2025\/06\/21531750761146_.pic_hd-1536x1152.jpg 1536w, https:\/\/igs-hf.org\/wp-content\/uploads\/2025\/06\/21531750761146_.pic_hd-2048x1536.jpg 2048w\" sizes=\"(max-width: 1024px) 100vw, 1024px\" \/><\/figure>\n<div class=\"gb-container gb-container-c7e7f78f\"><\/div>\n<p>Der erste Tag war nicht nur ein gelungener Auftakt des Sommercamps, sondern diente auch als Vorbereitung auf den morgigen Ausflug in den Hefei Wildpark. Mit einer guten Mischung aus Bewegung, Kreativit\u00e4t und Entdeckerfreude wurde ein positiver Startschuss f\u00fcr die kommenden zwei Wochen gesetzt! <\/p>\n<div class=\"gb-container gb-container-956bd27c\"><\/div>\n<figure class=\"wp-block-image size-full\"><img loading=\"lazy\" decoding=\"async\" width=\"1025\" height=\"769\" src=\"https:\/\/test.haoaws.com\/wp-content\/uploads\/2025\/06\/21541750761147_.pic_hd.jpg\" alt=\"\" class=\"wp-image-5154\" srcset=\"https:\/\/igs-hf.org\/wp-content\/uploads\/2025\/06\/21541750761147_.pic_hd.jpg 1025w, https:\/\/igs-hf.org\/wp-content\/uploads\/2025\/06\/21541750761147_.pic_hd-300x225.jpg 300w, https:\/\/igs-hf.org\/wp-content\/uploads\/2025\/06\/21541750761147_.pic_hd-768x576.jpg 768w\" sizes=\"(max-width: 1025px) 100vw, 1025px\" \/><\/figure>\n","protected":false},"excerpt":{"rendered":"<p>Diese Woche startete das Sommercamp an der International German School Hefei und markierte den Beginn von zwei Wochen Entdecken, &#8230; <a title=\"Start des Sommercamps an der International German School Hefei\" class=\"read-more\" href=\"https:\/\/igs-hf.org\/de\/start-des-sommercamps-an-der-international-german-school-hefei\/\" aria-label=\"Read more about Start des Sommercamps an der International German School Hefei\">Weiterlesen &#8230;<\/a><\/p>\n","protected":false},"author":8,"featured_media":5164,"comment_status":"closed","ping_status":"closed","sticky":false,"template":"","format":"standard","meta":{"_acf_changed":false,"_gspb_post_css":"","footnotes":""},"categories":[5],"tags":[],"class_list":["post-5160","post","type-post","status-publish","format-standard","has-post-thumbnail","hentry","category-unkategorisiert","generate-columns","tablet-grid-50","mobile-grid-100","grid-parent","grid-50","resize-featured-image"],"acf":[],"_links":{"self":[{"href":"https:\/\/igs-hf.org\/de\/wp-json\/wp\/v2\/posts\/5160","targetHints":{"allow":["GET"]}}],"collection":[{"href":"https:\/\/igs-hf.org\/de\/wp-json\/wp\/v2\/posts"}],"about":[{"href":"https:\/\/igs-hf.org\/de\/wp-json\/wp\/v2\/types\/post"}],"author":[{"embeddable":true,"href":"https:\/\/igs-hf.org\/de\/wp-json\/wp\/v2\/users\/8"}],"replies":[{"embeddable":true,"href":"https:\/\/igs-hf.org\/de\/wp-json\/wp\/v2\/comments?post=5160"}],"version-history":[{"count":1,"href":"https:\/\/igs-hf.org\/de\/wp-json\/wp\/v2\/posts\/5160\/revisions"}],"predecessor-version":[{"id":5161,"href":"https:\/\/igs-hf.org\/de\/wp-json\/wp\/v2\/posts\/5160\/revisions\/5161"}],"wp:featuredmedia":[{"embeddable":true,"href":"https:\/\/igs-hf.org\/de\/wp-json\/wp\/v2\/media\/5164"}],"wp:attachment":[{"href":"https:\/\/igs-hf.org\/de\/wp-json\/wp\/v2\/media?parent=5160"}],"wp:term":[{"taxonomy":"category","embeddable":true,"href":"https:\/\/igs-hf.org\/de\/wp-json\/wp\/v2\/categories?post=5160"},{"taxonomy":"post_tag","embeddable":true,"href":"https:\/\/igs-hf.org\/de\/wp-json\/wp\/v2\/tags?post=5160"}],"curies":[{"name":"wp","href":"https:\/\/api.w.org\/{rel}","templated":true}]}}