{"id":5288,"date":"2025-06-30T10:30:41","date_gmt":"2025-06-30T10:30:41","guid":{"rendered":"https:\/\/igs-hf.org\/?p=5288"},"modified":"2025-06-30T10:30:41","modified_gmt":"2025-06-30T10:30:41","slug":"figs-hefei-auf-der-sino-german-smart-manufacturing-matchmaking-conference-hefei24-06-2025-26-06-2025","status":"publish","type":"post","link":"https:\/\/igs-hf.org\/de\/figs-hefei-auf-der-sino-german-smart-manufacturing-matchmaking-conference-hefei24-06-2025-26-06-2025\/","title":{"rendered":"FIGS Hefei auf der Sino-German Smart Manufacturing Matchmaking Conference Hefei<br>24.06.2025 &#8211; 26.06.2025"},"content":{"rendered":"\n<p>140 registrierte Unternehmen, davon fast 100 deutsche Teilnehmer trafen sich, um Kontakte zu kn\u00fcpfen und M\u00f6glichkeiten der Zusammenarbeit auszuloten.<\/p>\n\n\n<div class=\"gb-container gb-container-68680d0b\"><\/div>\n\n\n<figure class=\"wp-block-image size-large\"><img fetchpriority=\"high\" decoding=\"async\" width=\"1024\" height=\"683\" src=\"https:\/\/test.haoaws.com\/wp-content\/uploads\/2025\/06\/VIP_3926-1024x683.jpg\" alt=\"\" class=\"wp-image-5282\" srcset=\"https:\/\/igs-hf.org\/wp-content\/uploads\/2025\/06\/VIP_3926-1024x683.jpg 1024w, https:\/\/igs-hf.org\/wp-content\/uploads\/2025\/06\/VIP_3926-300x200.jpg 300w, https:\/\/igs-hf.org\/wp-content\/uploads\/2025\/06\/VIP_3926-768x512.jpg 768w, https:\/\/igs-hf.org\/wp-content\/uploads\/2025\/06\/VIP_3926-1536x1024.jpg 1536w, https:\/\/igs-hf.org\/wp-content\/uploads\/2025\/06\/VIP_3926-2048x1366.jpg 2048w\" sizes=\"(max-width: 1024px) 100vw, 1024px\" \/><\/figure>\n\n\n<div class=\"gb-container gb-container-5e5ca0df\"><\/div>\n\n\n<p>Als Mitglied der German Chamber of Commerce in China (AHK) nahm auch die IGS Hefei teil und nutzte die M\u00f6glichkeit, sich den Anwesenden als neue internationale Bildungseinrichtung vorzustellen.<\/p>\n\n\n<div class=\"gb-container gb-container-68680d0b\"><\/div>\n\n\n<figure class=\"wp-block-image size-large\"><img decoding=\"async\" width=\"1024\" height=\"683\" src=\"https:\/\/test.haoaws.com\/wp-content\/uploads\/2025\/06\/HZS07528-1024x683.jpg\" alt=\"\" class=\"wp-image-5261\" srcset=\"https:\/\/igs-hf.org\/wp-content\/uploads\/2025\/06\/HZS07528-1024x683.jpg 1024w, https:\/\/igs-hf.org\/wp-content\/uploads\/2025\/06\/HZS07528-300x200.jpg 300w, https:\/\/igs-hf.org\/wp-content\/uploads\/2025\/06\/HZS07528-768x512.jpg 768w, https:\/\/igs-hf.org\/wp-content\/uploads\/2025\/06\/HZS07528-1536x1024.jpg 1536w, https:\/\/igs-hf.org\/wp-content\/uploads\/2025\/06\/HZS07528-2048x1365.jpg 2048w\" sizes=\"(max-width: 1024px) 100vw, 1024px\" \/><\/figure>\n\n\n<div class=\"gb-container gb-container-9670d8cf\"><\/div>\n\n\n<p>In den Er\u00f6ffnungsreden von Vizegouverneur LI Zhong, Generalkonsul Dr. Norbert Riedel, Maximilian Butek (AHK) und Sun Donghai (Direktor des Handelsb\u00fcros der Provinz Anhui) wurde Hefeis bemerkenswerte Entwicklung zu einem f\u00fchrenden Wirtschafts- und Wissenschaftszentrum hervorgehoben. Auch die Gr\u00fcndung der International German School Hefei wurde in Redebeitr\u00e4gen erw\u00e4hnt. <\/p>\n\n\n<div class=\"gb-container gb-container-2d717bd0\"><\/div>\n\n\n<figure class=\"wp-block-image size-large\"><img decoding=\"async\" width=\"1024\" height=\"683\" src=\"https:\/\/test.haoaws.com\/wp-content\/uploads\/2025\/06\/VIP_3995-1024x683.jpg\" alt=\"\" class=\"wp-image-5264\" srcset=\"https:\/\/igs-hf.org\/wp-content\/uploads\/2025\/06\/VIP_3995-1024x683.jpg 1024w, https:\/\/igs-hf.org\/wp-content\/uploads\/2025\/06\/VIP_3995-300x200.jpg 300w, https:\/\/igs-hf.org\/wp-content\/uploads\/2025\/06\/VIP_3995-768x512.jpg 768w, https:\/\/igs-hf.org\/wp-content\/uploads\/2025\/06\/VIP_3995-1536x1024.jpg 1536w, https:\/\/igs-hf.org\/wp-content\/uploads\/2025\/06\/VIP_3995-2048x1365.jpg 2048w\" sizes=\"(max-width: 1024px) 100vw, 1024px\" \/><\/figure>\n\n\n<div class=\"gb-container gb-container-c60a6bed\"><\/div>\n\n\n<figure class=\"wp-block-image size-large\"><img loading=\"lazy\" decoding=\"async\" width=\"1024\" height=\"683\" src=\"https:\/\/test.haoaws.com\/wp-content\/uploads\/2025\/06\/VIP_4036-1024x683.jpg\" alt=\"\" class=\"wp-image-5267\" srcset=\"https:\/\/igs-hf.org\/wp-content\/uploads\/2025\/06\/VIP_4036-1024x683.jpg 1024w, https:\/\/igs-hf.org\/wp-content\/uploads\/2025\/06\/VIP_4036-300x200.jpg 300w, https:\/\/igs-hf.org\/wp-content\/uploads\/2025\/06\/VIP_4036-768x512.jpg 768w, https:\/\/igs-hf.org\/wp-content\/uploads\/2025\/06\/VIP_4036-1536x1024.jpg 1536w, https:\/\/igs-hf.org\/wp-content\/uploads\/2025\/06\/VIP_4036-2048x1366.jpg 2048w\" sizes=\"(max-width: 1024px) 100vw, 1024px\" \/><\/figure>\n\n\n<div class=\"gb-container gb-container-3ecd7f5d\"><\/div>\n\n\n<figure class=\"wp-block-image size-large\"><img loading=\"lazy\" decoding=\"async\" width=\"1024\" height=\"732\" src=\"https:\/\/test.haoaws.com\/wp-content\/uploads\/2025\/06\/VIP_4358-1024x732.jpg\" alt=\"\" class=\"wp-image-5270\" srcset=\"https:\/\/igs-hf.org\/wp-content\/uploads\/2025\/06\/VIP_4358-1024x732.jpg 1024w, https:\/\/igs-hf.org\/wp-content\/uploads\/2025\/06\/VIP_4358-300x215.jpg 300w, https:\/\/igs-hf.org\/wp-content\/uploads\/2025\/06\/VIP_4358-768x549.jpg 768w, https:\/\/igs-hf.org\/wp-content\/uploads\/2025\/06\/VIP_4358-1536x1099.jpg 1536w, https:\/\/igs-hf.org\/wp-content\/uploads\/2025\/06\/VIP_4358-2048x1465.jpg 2048w\" sizes=\"(max-width: 1024px) 100vw, 1024px\" \/><\/figure>\n\n\n<div class=\"gb-container gb-container-5d2b31fb\"><\/div>\n\n\n<p>Die Konferenz zeigte eindrucksvoll die au\u00dferordentlich g\u00fcnstigen Rahmenbedingungen Hefeis f\u00fcr Investitionen und ausl\u00e4ndische Ansiedlungen, untermauert durch erstaunliche Zahlen. Schl\u00fcsselindustrien aus den Bereichen Quantenkommunikation, dynamische Speicherchips und Werkstofftechnologie geh\u00f6ren mittlerweile zur Weltspitze. <\/p>\n\n\n<div class=\"gb-container gb-container-7a4c524a\"><\/div>\n\n\n<figure class=\"wp-block-image size-large\"><img loading=\"lazy\" decoding=\"async\" width=\"1024\" height=\"768\" src=\"https:\/\/test.haoaws.com\/wp-content\/uploads\/2025\/06\/21531750761146_.pic_hd-1-1024x768.jpg\" alt=\"\" class=\"wp-image-5276\" srcset=\"https:\/\/igs-hf.org\/wp-content\/uploads\/2025\/06\/21531750761146_.pic_hd-1-1024x768.jpg 1024w, https:\/\/igs-hf.org\/wp-content\/uploads\/2025\/06\/21531750761146_.pic_hd-1-300x225.jpg 300w, https:\/\/igs-hf.org\/wp-content\/uploads\/2025\/06\/21531750761146_.pic_hd-1-768x576.jpg 768w, https:\/\/igs-hf.org\/wp-content\/uploads\/2025\/06\/21531750761146_.pic_hd-1-1536x1152.jpg 1536w, https:\/\/igs-hf.org\/wp-content\/uploads\/2025\/06\/21531750761146_.pic_hd-1-2048x1536.jpg 2048w\" sizes=\"(max-width: 1024px) 100vw, 1024px\" \/><\/figure>\n\n\n<div class=\"gb-container gb-container-5356b976\"><\/div>\n\n\n<p>Gespr\u00e4che mit verschiedenen Firmenvertretern w\u00e4hrend der Konferenz und bei anschlie\u00dfenden Firmenbesuchen machten die internationale Ausrichtung dieser Unternehmen sehr deutlich. Dies zeigte nicht nur ein nat\u00fcrliches Interesse an mehrsprachiger internationaler Schulbildung, sondern unterstrich auch, dass das Angebot an internationaler Schulbildung selbst ein entscheidender Faktor f\u00fcr Internationalisierung und Wachstum ist. <\/p>\n\n\n<div class=\"gb-container gb-container-c31530f9\"><\/div>\n\n\n<figure class=\"wp-block-image size-full\"><img loading=\"lazy\" decoding=\"async\" width=\"857\" height=\"643\" src=\"https:\/\/test.haoaws.com\/wp-content\/uploads\/2025\/06\/IMG_7809-1.jpg\" alt=\"\" class=\"wp-image-5273\" srcset=\"https:\/\/igs-hf.org\/wp-content\/uploads\/2025\/06\/IMG_7809-1.jpg 857w, https:\/\/igs-hf.org\/wp-content\/uploads\/2025\/06\/IMG_7809-1-300x225.jpg 300w, https:\/\/igs-hf.org\/wp-content\/uploads\/2025\/06\/IMG_7809-1-768x576.jpg 768w\" sizes=\"(max-width: 857px) 100vw, 857px\" \/><\/figure>\n\n\n<div class=\"gb-container gb-container-d797314f\"><\/div>\n\n\n<p>Mit unserem vielf\u00e4ltigen Profil, das Sch\u00fcler unterschiedlicher Nationalit\u00e4ten willkommen hei\u00dft, einem lebendigen Kindergarten, unserem laufenden Sommercamp und einem breiten kulturellen Angebot freuen wir uns als IGS Hefei, als Bildungs- und Kultureinrichtung Teil dieser Dynamik sein zu d\u00fcrfen.<\/p>\n\n\n<div class=\"gb-container gb-container-be65d3c2\"><\/div>\n\n\n<figure class=\"wp-block-image size-large\"><img loading=\"lazy\" decoding=\"async\" width=\"1024\" height=\"768\" src=\"https:\/\/test.haoaws.com\/wp-content\/uploads\/2025\/06\/WechatIMG400-1024x768.jpg\" alt=\"\" class=\"wp-image-5279\" srcset=\"https:\/\/igs-hf.org\/wp-content\/uploads\/2025\/06\/WechatIMG400-1024x768.jpg 1024w, https:\/\/igs-hf.org\/wp-content\/uploads\/2025\/06\/WechatIMG400-300x225.jpg 300w, https:\/\/igs-hf.org\/wp-content\/uploads\/2025\/06\/WechatIMG400-768x576.jpg 768w, https:\/\/igs-hf.org\/wp-content\/uploads\/2025\/06\/WechatIMG400-1536x1152.jpg 1536w, https:\/\/igs-hf.org\/wp-content\/uploads\/2025\/06\/WechatIMG400.jpg 1702w\" sizes=\"(max-width: 1024px) 100vw, 1024px\" \/><\/figure>\n\n\n\n<p><\/p>\n","protected":false},"excerpt":{"rendered":"<p>140 registrierte Unternehmen, davon fast 100 deutsche Teilnehmer trafen sich, um Kontakte zu kn\u00fcpfen und M\u00f6glichkeiten der &#8230; <a title=\"FIGS Hefei auf der Sino-German Smart Manufacturing Matchmaking Conference Hefei24.06.2025 &#8211; 26.06.2025\" class=\"read-more\" href=\"https:\/\/igs-hf.org\/de\/figs-hefei-auf-der-sino-german-smart-manufacturing-matchmaking-conference-hefei24-06-2025-26-06-2025\/\" aria-label=\"Read more about FIGS Hefei auf der Sino-German Smart Manufacturing Matchmaking Conference Hefei24.06.2025 &#8211; 26.06.2025\">Weiterlesen &#8230;<\/a><\/p>\n","protected":false},"author":8,"featured_media":5260,"comment_status":"closed","ping_status":"closed","sticky":false,"template":"","format":"standard","meta":{"_acf_changed":false,"_gspb_post_css":"","footnotes":""},"categories":[5],"tags":[],"class_list":["post-5288","post","type-post","status-publish","format-standard","has-post-thumbnail","hentry","category-unkategorisiert","generate-columns","tablet-grid-50","mobile-grid-100","grid-parent","grid-50","resize-featured-image"],"acf":[],"_links":{"self":[{"href":"https:\/\/igs-hf.org\/de\/wp-json\/wp\/v2\/posts\/5288","targetHints":{"allow":["GET"]}}],"collection":[{"href":"https:\/\/igs-hf.org\/de\/wp-json\/wp\/v2\/posts"}],"about":[{"href":"https:\/\/igs-hf.org\/de\/wp-json\/wp\/v2\/types\/post"}],"author":[{"embeddable":true,"href":"https:\/\/igs-hf.org\/de\/wp-json\/wp\/v2\/users\/8"}],"replies":[{"embeddable":true,"href":"https:\/\/igs-hf.org\/de\/wp-json\/wp\/v2\/comments?post=5288"}],"version-history":[{"count":2,"href":"https:\/\/igs-hf.org\/de\/wp-json\/wp\/v2\/posts\/5288\/revisions"}],"predecessor-version":[{"id":5292,"href":"https:\/\/igs-hf.org\/de\/wp-json\/wp\/v2\/posts\/5288\/revisions\/5292"}],"wp:featuredmedia":[{"embeddable":true,"href":"https:\/\/igs-hf.org\/de\/wp-json\/wp\/v2\/media\/5260"}],"wp:attachment":[{"href":"https:\/\/igs-hf.org\/de\/wp-json\/wp\/v2\/media?parent=5288"}],"wp:term":[{"taxonomy":"category","embeddable":true,"href":"https:\/\/igs-hf.org\/de\/wp-json\/wp\/v2\/categories?post=5288"},{"taxonomy":"post_tag","embeddable":true,"href":"https:\/\/igs-hf.org\/de\/wp-json\/wp\/v2\/tags?post=5288"}],"curies":[{"name":"wp","href":"https:\/\/api.w.org\/{rel}","templated":true}]}}