{"id":6402,"date":"2025-07-18T13:15:42","date_gmt":"2025-07-18T13:15:42","guid":{"rendered":"https:\/\/igstest.awslinker.com\/vfl-wolfsburg-zu-gast-an-der-international-german-school-hefei\/"},"modified":"2025-08-11T07:55:37","modified_gmt":"2025-08-11T07:55:37","slug":"vfl-wolfsburg-zu-gast-an-der-international-german-school-hefei","status":"publish","type":"post","link":"https:\/\/igs-hf.org\/de\/vfl-wolfsburg-zu-gast-an-der-international-german-school-hefei\/","title":{"rendered":"VfL Wolfsburg zu Gast an der International German School Hefei"},"content":{"rendered":"\n<p>Herr Tim J\u00e4geler (Executive Director VfL Wolfsburg China) und Frau Liu Na (General Manager VfL Wolfsburg China) besuchten k\u00fcrzlich die International German School Hefei (IGS Hefei). Schulleiterin Heide Schaffer und Jessie Wu (Executive President) hie\u00dfen die G\u00e4ste willkommen. Schnell war klar: Hier passt einfach alles zusammen.  <\/p>\n\n\n<div class=\"gb-container gb-container-b47744b5\"><\/div>\n\n\n<figure class=\"wp-block-image size-large\"><img decoding=\"async\" src=\"https:\/\/test.haoaws.com\/wp-content\/uploads\/2025\/07\/2-3-1024x768.jpeg\" alt=\"\" class=\"wp-image-5678\"\/><\/figure>\n\n\n<div class=\"gb-container gb-container-0efd581d\"><\/div>\n\n\n<figure class=\"wp-block-image size-large\"><img decoding=\"async\" src=\"https:\/\/test.haoaws.com\/wp-content\/uploads\/2025\/07\/3-2-1024x768.jpeg\" alt=\"\" class=\"wp-image-5666\"\/><\/figure>\n\n\n<div class=\"gb-container gb-container-9cc910e1\"><\/div>\n\n\n<p>Schlie\u00dflich bringt VfL Wolfsburg nicht nur Bundesliga-Erfahrung, sondern auch deutsche Fu\u00dfballkultur mit. Ausdauer, Disziplin, Teamgeist und Leidenschaft stehen im Mittelpunkt &#8211; Werte die auch die IGS Hefei ihren Sch\u00fclern vermittelt. Kein Wunder also, dass beide Seiten sofort gemeinsame Pl\u00e4ne entwickelten: Jugend-Fu\u00dfballcamps, Trainer-Workshops und spannende Schulprojekte sollen daher bald Realit\u00e4t werden.  <\/p>\n\n\n<div class=\"gb-container gb-container-e0f6d471\"><\/div>\n\n<div class=\"gb-container gb-container-39787a1a\">\n\n<figure class=\"wp-block-image size-large\"><img decoding=\"async\" src=\"https:\/\/test.haoaws.com\/wp-content\/uploads\/2025\/07\/5-3-1024x768.jpeg\" alt=\"\" class=\"wp-image-5688\"\/><\/figure>\n\n<\/div>\n\n<div class=\"gb-container gb-container-1cf1bc81\"><\/div>\n\n\n<p>Tim J\u00e4geler betonte, dass das internationale Umfeld und die exzellente Infrastruktur der IGS Hefei eine ideale Grundlage f\u00fcr die Fu\u00dfball-Nachwuchsarbeit b\u00f6ten. Er freue sich darauf, die Expertise von VfL Wolfsburg mit schulischer Bildung zu verbinden, um mehr Sch\u00fclern lebenslange Freude an sportlicher Bewegung zu vermitteln. <\/p>\n\n\n<div class=\"gb-container gb-container-a7e20b4b\"><\/div>\n\n\n<figure class=\"wp-block-image size-large\"><img decoding=\"async\" src=\"https:\/\/test.haoaws.com\/wp-content\/uploads\/2025\/07\/4-3-1024x768.jpeg\" alt=\"\" class=\"wp-image-5685\"\/><\/figure>\n\n\n<div class=\"gb-container gb-container-e5ab1e96\"><\/div>\n\n\n<p>Durch die Kooperation profitieren beide Seiten: Die Sch\u00fcler erhalten Zugang zu professionellem Training, w\u00e4hrend der VfL Wolfsburg seine Nachwuchsarbeit in China ausbauen kann.<\/p>\n\n\n<div class=\"gb-container gb-container-15a18d2a\"><\/div>\n\n\n<div class=\"wp-block-greenshift-blocks-video gs-video video gspb_video-id-gsbp-23381ae\" id=\"gs-video-gsbp-23381ae\"><div class=\"gs-video-wrapper\" itemscope><div class=\"gs-video-element\" data-src=\"https:\/\/test.haoaws.com\/wp-content\/uploads\/2025\/07\/VfL-Wolfsburg-Visits-IGS-2.mp4\" data-autoplay=\"false\" data-playsinline=\"false\" data-controls=\"true\" data-loop=\"false\" data-mute=\"false\" data-poster=\"\" data-provider=\"video\" data-overlay=\"false\" data-lightbox=\"false\"><\/div><\/div><\/div>\n","protected":false},"excerpt":{"rendered":"<p>Herr Tim J\u00e4geler (Executive Director VfL Wolfsburg China) und Frau Liu Na (General Manager VfL Wolfsburg China) besuchten k\u00fcrzlich die &#8230; <a title=\"VfL Wolfsburg zu Gast an der International German School Hefei\" class=\"read-more\" href=\"https:\/\/igs-hf.org\/de\/vfl-wolfsburg-zu-gast-an-der-international-german-school-hefei\/\" aria-label=\"Read more about VfL Wolfsburg zu Gast an der International German School Hefei\">Weiterlesen &#8230;<\/a><\/p>\n","protected":false},"author":8,"featured_media":6459,"comment_status":"closed","ping_status":"closed","sticky":false,"template":"","format":"standard","meta":{"_acf_changed":false,"_gspb_post_css":".gs-video{position:relative}.gs-video-wrapper{position:relative;height:inherit;max-width:100%}.gs-video-header{text-align:center}.gs-video-header .gs-video-header-title{font-size:24px;line-height:1.3;font-weight:700;margin:0 0 15px}.gs-video-header .gs-video-header-description{font-size:16px;line-height:1.5;margin:0 0 25px}.gs-video video{display:block}.gs-video .gs-video-element,.gs-video .gs-video-wrapper iframe{width:100%;height:100%;object-fit:cover;border:0}.gs-video .gs-video-wrapper iframe{aspect-ratio:16\/9;display:block}.gs-video-overlay{position:absolute;left:0;top:0;width:100%;height:100%;z-index:3;background-color:rgba(0,0,0,.1);background-size:cover;background-position:center;background-repeat:no-repeat;cursor:pointer}.gs-video-overlay .gs-overlay-color{position:absolute;left:0;top:0;width:100%;height:100%;z-index:2}.gs-video-overlay:hover .gs-play-icon{opacity:1}.gs-video-popup .slbContentOuter{width:100%;max-width:1000px}.gs-video-popup .slbContentOuter .slbContent iframe,.gs-video-popup .slbContentOuter .slbContent video{width:100%;height:100%;object-fit:cover}.gs-video-popup .slbContentOuter .slbContent iframe{aspect-ratio:16\/9}.gs-video-popup .slbCloseBtn{font-size:30px;width:40px;height:40px;line-height:40px;right:0;top:-50px}","footnotes":""},"categories":[5],"tags":[],"class_list":["post-6402","post","type-post","status-publish","format-standard","has-post-thumbnail","hentry","category-unkategorisiert","generate-columns","tablet-grid-50","mobile-grid-100","grid-parent","grid-50","resize-featured-image"],"acf":[],"_links":{"self":[{"href":"https:\/\/igs-hf.org\/de\/wp-json\/wp\/v2\/posts\/6402","targetHints":{"allow":["GET"]}}],"collection":[{"href":"https:\/\/igs-hf.org\/de\/wp-json\/wp\/v2\/posts"}],"about":[{"href":"https:\/\/igs-hf.org\/de\/wp-json\/wp\/v2\/types\/post"}],"author":[{"embeddable":true,"href":"https:\/\/igs-hf.org\/de\/wp-json\/wp\/v2\/users\/8"}],"replies":[{"embeddable":true,"href":"https:\/\/igs-hf.org\/de\/wp-json\/wp\/v2\/comments?post=6402"}],"version-history":[{"count":2,"href":"https:\/\/igs-hf.org\/de\/wp-json\/wp\/v2\/posts\/6402\/revisions"}],"predecessor-version":[{"id":6477,"href":"https:\/\/igs-hf.org\/de\/wp-json\/wp\/v2\/posts\/6402\/revisions\/6477"}],"wp:featuredmedia":[{"embeddable":true,"href":"https:\/\/igs-hf.org\/de\/wp-json\/wp\/v2\/media\/6459"}],"wp:attachment":[{"href":"https:\/\/igs-hf.org\/de\/wp-json\/wp\/v2\/media?parent=6402"}],"wp:term":[{"taxonomy":"category","embeddable":true,"href":"https:\/\/igs-hf.org\/de\/wp-json\/wp\/v2\/categories?post=6402"},{"taxonomy":"post_tag","embeddable":true,"href":"https:\/\/igs-hf.org\/de\/wp-json\/wp\/v2\/tags?post=6402"}],"curies":[{"name":"wp","href":"https:\/\/api.w.org\/{rel}","templated":true}]}}