{"id":6406,"date":"2025-07-16T04:03:26","date_gmt":"2025-07-16T04:03:26","guid":{"rendered":"https:\/\/igstest.awslinker.com\/mit-freude-ins-ziel-ein-unvergesslicher-letzter-schultag-an-der-igs\/"},"modified":"2025-08-11T07:56:48","modified_gmt":"2025-08-11T07:56:48","slug":"mit-freude-ins-ziel-ein-unvergesslicher-letzter-schultag-an-der-igs","status":"publish","type":"post","link":"https:\/\/igs-hf.org\/de\/mit-freude-ins-ziel-ein-unvergesslicher-letzter-schultag-an-der-igs\/","title":{"rendered":"Mit Freude ins Ziel \u2013 Ein unvergesslicher letzter Schultag an der IGS"},"content":{"rendered":"\n<p>Strahlende Gesichter, fr\u00f6hliches Lachen und ein Hauch von Abenteuer: Am letzten Schultag vor den Sommerferien verwandelte sich das Gel\u00e4nde der IGS noch einmal in eine kleine Welt voller Entdeckungen und gemeinsamer Erlebnisse.<\/p>\n<div class=\"gb-container gb-container-bf5715b4\"><\/div>\n<p>Unsere Kindergartenkinder meisterten mutig ihren ganz pers\u00f6nlichen Abschlussparcours \u2013 und das mit Bravour! Im \u201eWald der Freunde\u201c entdeckten sie liebevoll gestaltete Erinnerungsbilder aus dem Schuljahr, liefen mit Geschick und ohne dabei T-Shirt und Hosen in Mitleidenschaft zu ziehen durch den spritzigen Springbrunnen, erklommen einen herausfordernden H\u00fcgel und bew\u00e4ltigten schlie\u00dflich die Rennstrecke bis zum Schulgeb\u00e4ude mit vollem Einsatz und stolzem L\u00e4cheln. <\/p>\n<div class=\"gb-container gb-container-ad9b0dd5\"><\/div>\n<figure class=\"wp-block-image size-large\"><img decoding=\"async\" src=\"https:\/\/test.haoaws.com\/wp-content\/uploads\/2025\/07\/3F4A0638-1024x565.jpg\" alt=\"\" class=\"wp-image-5585\"\/><\/figure>\n<div class=\"gb-container gb-container-e02ab00a\"><\/div>\n<figure class=\"wp-block-image size-large\"><img decoding=\"async\" src=\"https:\/\/test.haoaws.com\/wp-content\/uploads\/2025\/07\/3F4A0623-1024x589.jpg\" alt=\"\" class=\"wp-image-5597\"\/><\/figure>\n<div class=\"gb-container gb-container-5a73d626\"><\/div>\n<figure class=\"wp-block-image size-large\"><img decoding=\"async\" src=\"https:\/\/test.haoaws.com\/wp-content\/uploads\/2025\/07\/3F4A0615-1-1024x585.jpg\" alt=\"\" class=\"wp-image-5603\"\/><\/figure>\n<div class=\"gb-container gb-container-b7ccfaa8\"><\/div>\n<figure class=\"wp-block-image size-large\"><img decoding=\"async\" src=\"https:\/\/test.haoaws.com\/wp-content\/uploads\/2025\/07\/WechatIMG21-1024x575.jpg\" alt=\"\" class=\"wp-image-5600\"\/><\/figure>\n<div class=\"gb-container gb-container-cee634f0\"><\/div>\n<p>Begleitet von Sch\u00fclern, Eltern und Lehrern wurde der letzte Schultag zu einem fr\u00f6hlichen Fest f\u00fcr die ganze Schulgemeinschaft.<\/p>\n<div class=\"gb-container gb-container-3953bf38\"><\/div>\n<p>\u00dcberall wurde gelacht, angefeuert und gemeinsam gefeiert \u2013 ein Zeugnis daf\u00fcr, wie lebendig und herzlich das Miteinander an der IGS ist.<\/p>\n<div class=\"gb-container gb-container-9d6b2a54\"><\/div>\n<figure class=\"wp-block-image size-large\"><img decoding=\"async\" src=\"https:\/\/test.haoaws.com\/wp-content\/uploads\/2025\/07\/3F4A0588-1-1024x606.jpg\" alt=\"\" class=\"wp-image-5606\"\/><\/figure>\n<div class=\"gb-container gb-container-5b653a1c\"><\/div>\n<p>Mit diesem bewegten und bewegenden Tag verabschiedet sich die IGS in die Sommerferien \u2013 erf\u00fcllt von sch\u00f6nen Erinnerungen und voller Vorfreude auf ein neues Schuljahr voller spannender Erlebnisse, neuer Herausforderungen und gemeinsamer Schritte.<\/p>\n<div class=\"gb-container gb-container-129884dc\"><\/div>\n<p>Wir w\u00fcnschen allen Familien eine erholsame Sommerzeit und freuen uns auf ein Wiedersehen im Schuljahr 2025\/2026!<\/p>\n<div class=\"gb-container gb-container-68e3c3a4\"><\/div>\n<p><\/p>\n","protected":false},"excerpt":{"rendered":"<p>Strahlende Gesichter, fr\u00f6hliches Lachen und ein Hauch von Abenteuer: Am letzten Schultag vor den Sommerferien verwandelte sich das &#8230; <a title=\"Mit Freude ins Ziel \u2013 Ein unvergesslicher letzter Schultag an der IGS\" class=\"read-more\" href=\"https:\/\/igs-hf.org\/de\/mit-freude-ins-ziel-ein-unvergesslicher-letzter-schultag-an-der-igs\/\" aria-label=\"Read more about Mit Freude ins Ziel \u2013 Ein unvergesslicher letzter Schultag an der IGS\">Weiterlesen &#8230;<\/a><\/p>\n","protected":false},"author":8,"featured_media":6464,"comment_status":"closed","ping_status":"closed","sticky":false,"template":"","format":"standard","meta":{"_acf_changed":false,"_gspb_post_css":"","footnotes":""},"categories":[5],"tags":[],"class_list":["post-6406","post","type-post","status-publish","format-standard","has-post-thumbnail","hentry","category-unkategorisiert","generate-columns","tablet-grid-50","mobile-grid-100","grid-parent","grid-50","resize-featured-image"],"acf":[],"_links":{"self":[{"href":"https:\/\/igs-hf.org\/de\/wp-json\/wp\/v2\/posts\/6406","targetHints":{"allow":["GET"]}}],"collection":[{"href":"https:\/\/igs-hf.org\/de\/wp-json\/wp\/v2\/posts"}],"about":[{"href":"https:\/\/igs-hf.org\/de\/wp-json\/wp\/v2\/types\/post"}],"author":[{"embeddable":true,"href":"https:\/\/igs-hf.org\/de\/wp-json\/wp\/v2\/users\/8"}],"replies":[{"embeddable":true,"href":"https:\/\/igs-hf.org\/de\/wp-json\/wp\/v2\/comments?post=6406"}],"version-history":[{"count":1,"href":"https:\/\/igs-hf.org\/de\/wp-json\/wp\/v2\/posts\/6406\/revisions"}],"predecessor-version":[{"id":6407,"href":"https:\/\/igs-hf.org\/de\/wp-json\/wp\/v2\/posts\/6406\/revisions\/6407"}],"wp:featuredmedia":[{"embeddable":true,"href":"https:\/\/igs-hf.org\/de\/wp-json\/wp\/v2\/media\/6464"}],"wp:attachment":[{"href":"https:\/\/igs-hf.org\/de\/wp-json\/wp\/v2\/media?parent=6406"}],"wp:term":[{"taxonomy":"category","embeddable":true,"href":"https:\/\/igs-hf.org\/de\/wp-json\/wp\/v2\/categories?post=6406"},{"taxonomy":"post_tag","embeddable":true,"href":"https:\/\/igs-hf.org\/de\/wp-json\/wp\/v2\/tags?post=6406"}],"curies":[{"name":"wp","href":"https:\/\/api.w.org\/{rel}","templated":true}]}}