{"id":6410,"date":"2025-07-14T08:40:03","date_gmt":"2025-07-14T08:40:03","guid":{"rendered":"https:\/\/igstest.awslinker.com\/das-grosse-finale-des-igs-summer-camps-gemeinschaftsfeier-und-zusammenarbeit-mit-dem-vfl-wolfsburg\/"},"modified":"2025-08-11T07:57:53","modified_gmt":"2025-08-11T07:57:53","slug":"das-grosse-finale-des-igs-summer-camps-gemeinschaftsfeier-und-zusammenarbeit-mit-dem-vfl-wolfsburg","status":"publish","type":"post","link":"https:\/\/igs-hf.org\/de\/das-grosse-finale-des-igs-summer-camps-gemeinschaftsfeier-und-zusammenarbeit-mit-dem-vfl-wolfsburg\/","title":{"rendered":"Das gro\u00dfe Finale des IGS Summer Camps: Gemeinschaftsfeier und Zusammenarbeit mit dem VfL Wolfsburg"},"content":{"rendered":"\n<p>Mit einem sportlichen H\u00f6hepunkt ging das diesj\u00e4hrige IGS Summer Camp zu Ende: Zwei Tage lang trainierten unsere Sportler mit den Coaches des VfL Wolfsburg \u2013 eine ganz besondere Erfahrung, die bei vielen f\u00fcr Begeisterung sorgte.<\/p>\n\n\n<div class=\"gb-container gb-container-49aff943\"><\/div>\n\n\n<figure class=\"wp-block-image size-large\"><img decoding=\"async\" src=\"https:\/\/test.haoaws.com\/wp-content\/uploads\/2025\/07\/08_03945-1-1024x683.jpg\" alt=\"\" class=\"wp-image-5570\"\/><\/figure>\n\n\n<div class=\"gb-container gb-container-e91d839e\"><\/div>\n\n\n<p>Am Freitagvormittag stand gezieltes Fu\u00dfballtraining auf dem Programm.<\/p>\n\n\n<div class=\"gb-container gb-container-e96a2577\"><\/div>\n\n\n<figure class=\"wp-block-image size-large\"><img decoding=\"async\" src=\"https:\/\/test.haoaws.com\/wp-content\/uploads\/2025\/07\/08_04160-1024x683.jpg\" alt=\"\" class=\"wp-image-5546\"\/><\/figure>\n\n\n<div class=\"gb-container gb-container-8fb4cdc4\"><\/div>\n\n\n<figure class=\"wp-block-image size-large\"><img decoding=\"async\" src=\"https:\/\/test.haoaws.com\/wp-content\/uploads\/2025\/07\/5671751857788_.pic_hd-1024x683.jpg\" alt=\"\" class=\"wp-image-5543\"\/><\/figure>\n\n\n<div class=\"gb-container gb-container-351d5e9d\"><\/div>\n\n\n<figure class=\"wp-block-image size-large\"><img decoding=\"async\" src=\"https:\/\/test.haoaws.com\/wp-content\/uploads\/2025\/07\/5641751857775_.pic_hd-1024x683.jpg\" alt=\"\" class=\"wp-image-5549\"\/><\/figure>\n\n\n<div class=\"gb-container gb-container-5c498b66\"><\/div>\n\n\n<p>Die Kinder wurden in zwei Altersgruppen eingeteilt und trainierten abwechselnd Passen, Dribbeln und Teamwork auf dem Platz. <\/p>\n\n\n<div class=\"gb-container gb-container-5823b618\"><\/div>\n\n\n<figure class=\"wp-block-image size-large\"><img decoding=\"async\" src=\"https:\/\/test.haoaws.com\/wp-content\/uploads\/2025\/07\/08_04632-1024x683.jpg\" alt=\"\" class=\"wp-image-5552\"\/><\/figure>\n\n\n<div class=\"gb-container gb-container-c9c777af\"><\/div>\n\n\n<figure class=\"wp-block-image size-large\"><img decoding=\"async\" src=\"https:\/\/test.haoaws.com\/wp-content\/uploads\/2025\/07\/08_03563-1024x683.jpg\" alt=\"\" class=\"wp-image-5558\"\/><\/figure>\n\n\n<div class=\"gb-container gb-container-e5a3dd87\"><\/div>\n\n\n<p>Au\u00dferdem bereiteten sie eine kleine Ausstellung vor, um ihren Eltern zu zeigen, was sie in den vergangenen zwei Wochen alles erlebt und gelernt haben \u2013 von Bauernhofbesuchen \u00fcber Marmeladekochen bis hin zu naturwissenschaftlichen Experimenten und spannenden Exkursionen.<\/p>\n\n\n<div class=\"gb-container gb-container-420d5990\"><\/div>\n\n\n<p>Bei ihrer Ankunft konnten die Eltern es sich zun\u00e4chst in unserem Elterncaf\u00e9 gem\u00fctlich machen und bei einer Tasse Kaffee miteinander ins Gespr\u00e4ch kommen.<\/p>\n\n\n<div class=\"gb-container gb-container-d4a5adaf\"><\/div>\n\n\n<figure class=\"wp-block-image size-large\"><img decoding=\"async\" src=\"https:\/\/test.haoaws.com\/wp-content\/uploads\/2025\/07\/08_04031-1024x683.jpg\" alt=\"\" class=\"wp-image-5537\"\/><\/figure>\n\n\n<div class=\"gb-container gb-container-9e3f22b5\"><\/div>\n\n\n<p>Anschlie\u00dfend ging es gemeinsam aufs Sportfeld, wo Eltern und Kinder zusammen an den Fu\u00dfballaktivit\u00e4ten teilnahmen \u2013 ein Moment voller Lachen, Ansporn und echtem Teamgeist.<\/p>\n\n\n<div class=\"gb-container gb-container-e94a11a1\"><\/div>\n\n\n<figure class=\"wp-block-image size-large\"><img decoding=\"async\" src=\"https:\/\/test.haoaws.com\/wp-content\/uploads\/2025\/07\/08_03290-1024x683.jpg\" alt=\"\" class=\"wp-image-5561\"\/><\/figure>\n\n\n<div class=\"gb-container gb-container-5579918b\"><\/div>\n\n\n<p>Den Abschluss bildete ein gemeinsames Mittagessen mit allen Beteiligten.<\/p>\n\n\n<div class=\"gb-container gb-container-ac17e27a\"><\/div>\n\n\n<figure class=\"wp-block-image size-large\"><img decoding=\"async\" src=\"https:\/\/test.haoaws.com\/wp-content\/uploads\/2025\/07\/08_04739-1024x683.jpg\" alt=\"\" class=\"wp-image-5540\"\/><\/figure>\n\n\n<div class=\"gb-container gb-container-9810f2f1\"><\/div>\n\n\n<figure class=\"wp-block-image size-large\"><img decoding=\"async\" src=\"https:\/\/test.haoaws.com\/wp-content\/uploads\/2025\/07\/08_03285-1024x683.jpg\" alt=\"\" class=\"wp-image-5564\"\/><\/figure>\n\n\n<div class=\"gb-container gb-container-16fabdef\"><\/div>\n\n\n<figure class=\"wp-block-image size-large\"><img decoding=\"async\" src=\"https:\/\/test.haoaws.com\/wp-content\/uploads\/2025\/07\/08_03536-1024x687.jpg\" alt=\"\" class=\"wp-image-5573\"\/><\/figure>\n\n\n<div class=\"gb-container gb-container-1949d98f\"><\/div>\n\n\n<p>Es war ein w\u00fcrdiger Ausklang unseres Sommerprogramms an der IGS, das kurz vor den Ferien nicht nur Wissen und Erlebnisse, sondern auch ein Gef\u00fchl von Zusammenhalt und Gemeinschaft vermittelt hat.<\/p>\n\n\n<div class=\"gb-container gb-container-9cf4f9e6\"><\/div>\n\n\n<div class=\"wp-block-greenshift-blocks-video gs-video video gspb_video-id-gsbp-ebb700d\" id=\"gs-video-gsbp-ebb700d\"><div class=\"gs-video-wrapper\" itemscope><div class=\"gs-video-element\" data-src=\"https:\/\/test.haoaws.com\/wp-content\/uploads\/2025\/07\/IGS-Summer-Camp-Finale-Community-Celebration-with-VfL-Wolfsburg.mp4\" data-autoplay=\"false\" data-playsinline=\"false\" data-controls=\"true\" data-loop=\"false\" data-mute=\"false\" data-poster=\"\" data-provider=\"video\" data-overlay=\"false\" data-lightbox=\"false\"><\/div><\/div><\/div>\n","protected":false},"excerpt":{"rendered":"<p>Mit einem sportlichen H\u00f6hepunkt ging das diesj\u00e4hrige IGS Summer Camp zu Ende: Zwei Tage lang trainierten unsere Sportler mit den Coaches &#8230; <a title=\"Das gro\u00dfe Finale des IGS Summer Camps: Gemeinschaftsfeier und Zusammenarbeit mit dem VfL Wolfsburg\" class=\"read-more\" href=\"https:\/\/igs-hf.org\/de\/das-grosse-finale-des-igs-summer-camps-gemeinschaftsfeier-und-zusammenarbeit-mit-dem-vfl-wolfsburg\/\" aria-label=\"Read more about Das gro\u00dfe Finale des IGS Summer Camps: Gemeinschaftsfeier und Zusammenarbeit mit dem VfL Wolfsburg\">Weiterlesen &#8230;<\/a><\/p>\n","protected":false},"author":8,"featured_media":6468,"comment_status":"closed","ping_status":"closed","sticky":false,"template":"","format":"standard","meta":{"_acf_changed":false,"_gspb_post_css":".gs-video{position:relative}.gs-video-wrapper{position:relative;height:inherit;max-width:100%}.gs-video-header{text-align:center}.gs-video-header .gs-video-header-title{font-size:24px;line-height:1.3;font-weight:700;margin:0 0 15px}.gs-video-header .gs-video-header-description{font-size:16px;line-height:1.5;margin:0 0 25px}.gs-video video{display:block}.gs-video .gs-video-element,.gs-video .gs-video-wrapper iframe{width:100%;height:100%;object-fit:cover;border:0}.gs-video .gs-video-wrapper iframe{aspect-ratio:16\/9;display:block}.gs-video-overlay{position:absolute;left:0;top:0;width:100%;height:100%;z-index:3;background-color:rgba(0,0,0,.1);background-size:cover;background-position:center;background-repeat:no-repeat;cursor:pointer}.gs-video-overlay .gs-overlay-color{position:absolute;left:0;top:0;width:100%;height:100%;z-index:2}.gs-video-overlay:hover .gs-play-icon{opacity:1}.gs-video-popup .slbContentOuter{width:100%;max-width:1000px}.gs-video-popup .slbContentOuter .slbContent iframe,.gs-video-popup .slbContentOuter .slbContent video{width:100%;height:100%;object-fit:cover}.gs-video-popup .slbContentOuter .slbContent iframe{aspect-ratio:16\/9}.gs-video-popup .slbCloseBtn{font-size:30px;width:40px;height:40px;line-height:40px;right:0;top:-50px}","footnotes":""},"categories":[5],"tags":[],"class_list":["post-6410","post","type-post","status-publish","format-standard","has-post-thumbnail","hentry","category-unkategorisiert","generate-columns","tablet-grid-50","mobile-grid-100","grid-parent","grid-50","resize-featured-image"],"acf":[],"_links":{"self":[{"href":"https:\/\/igs-hf.org\/de\/wp-json\/wp\/v2\/posts\/6410","targetHints":{"allow":["GET"]}}],"collection":[{"href":"https:\/\/igs-hf.org\/de\/wp-json\/wp\/v2\/posts"}],"about":[{"href":"https:\/\/igs-hf.org\/de\/wp-json\/wp\/v2\/types\/post"}],"author":[{"embeddable":true,"href":"https:\/\/igs-hf.org\/de\/wp-json\/wp\/v2\/users\/8"}],"replies":[{"embeddable":true,"href":"https:\/\/igs-hf.org\/de\/wp-json\/wp\/v2\/comments?post=6410"}],"version-history":[{"count":2,"href":"https:\/\/igs-hf.org\/de\/wp-json\/wp\/v2\/posts\/6410\/revisions"}],"predecessor-version":[{"id":6478,"href":"https:\/\/igs-hf.org\/de\/wp-json\/wp\/v2\/posts\/6410\/revisions\/6478"}],"wp:featuredmedia":[{"embeddable":true,"href":"https:\/\/igs-hf.org\/de\/wp-json\/wp\/v2\/media\/6468"}],"wp:attachment":[{"href":"https:\/\/igs-hf.org\/de\/wp-json\/wp\/v2\/media?parent=6410"}],"wp:term":[{"taxonomy":"category","embeddable":true,"href":"https:\/\/igs-hf.org\/de\/wp-json\/wp\/v2\/categories?post=6410"},{"taxonomy":"post_tag","embeddable":true,"href":"https:\/\/igs-hf.org\/de\/wp-json\/wp\/v2\/tags?post=6410"}],"curies":[{"name":"wp","href":"https:\/\/api.w.org\/{rel}","templated":true}]}}