{"id":7806,"date":"2025-09-23T03:34:41","date_gmt":"2025-09-23T03:34:41","guid":{"rendered":"https:\/\/igs.haoaws.com\/anmeldung-ab-sofort-vfl-weekend-camp-2025-hefei\/"},"modified":"2025-11-03T08:01:52","modified_gmt":"2025-11-03T08:01:52","slug":"anmeldung-ab-sofort-vfl-weekend-camp-2025-hefei","status":"publish","type":"post","link":"https:\/\/igs-hf.org\/de\/anmeldung-ab-sofort-vfl-weekend-camp-2025-hefei\/","title":{"rendered":"Anmeldung ab sofort! VfL-Weekend Camp 2025 Hefei"},"content":{"rendered":"\n<p>Am 27.\u201328. September wird die International German School Hefei (IGS Hefei) erneut gemeinsam mit dem VfL Wolfsburg das hei\u00df erwartete Weekend Football Camp anbieten!<\/p>\n<div class=\"gb-container gb-container-29d72e67\"><\/div>\n<p>Offizielle Trainer des VfL Wolfsburg leiten alle Einheiten. Mit ausgewiesener Expertise in der Jugendentwicklung bieten sie bilinguales Coaching (Chinesisch + Englisch), damit Kinder ihre Leidenschaft f\u00fcr Fu\u00dfball entfalten und echte Fortschritte in \u201eFu\u00dfball + Sprache\u201c machen. <\/p>\n<div class=\"gb-container gb-container-a97e28ec\"><\/div>\n<p>Das Camp ist passgenau auf 5\u201315-J\u00e4hrige abgestimmt und folgt einem altersgerechten Trainingsmodell. Die Trainingspl\u00e4ne orientieren sich an der k\u00f6rperlichen Entwicklung und dem Lerntempo der jeweiligen Gruppe \u2013 mit zielgerichteter Intensit\u00e4t und Inhalten f\u00fcr alle. <\/p>\n<div class=\"gb-container gb-container-46163c3a\"><\/div>\n<div id=\"gspb_text-id-gsbp-72594dd\" class=\"gspb_text gspb_text-id-gsbp-72594dd \"><strong>Trainingsplan<\/strong><\/div>\n<div class=\"gb-container gb-container-a1b5375b\"><\/div>\n<div id=\"gspb_text-id-gsbp-ec89523\" class=\"gspb_text gspb_text-id-gsbp-ec89523 \">Samstag, 27. September<br\/>U7 Age Group \u23f0 9:30\u201310:40<br\/>U9 Age Group \u23f0 14:00\u201315:40<\/div>\n<div class=\"gb-container gb-container-b1444eef\"><\/div>\n<div id=\"gspb_text-id-gsbp-96878b7\" class=\"gspb_text gspb_text-id-gsbp-96878b7 \">Sonntag, 28. September<br\/>U12 Age Group \u23f0 9:30\u201311:10<br\/>U15 Age Group \u23f0 14:00\u201315:40<\/div>\n<div class=\"gb-container gb-container-097ac045\"><\/div>\n<p>Lassen Sie Ihr Kind mit Freude ins Schwitzen kommen und die Faszination und Disziplin des Fu\u00dfballs hautnah erleben! <\/p>\n\n<p><\/p>\n","protected":false},"excerpt":{"rendered":"<p>Am 27.\u201328. September wird die International German School Hefei (IGS Hefei) erneut gemeinsam mit dem VfL Wolfsburg das hei\u00df erwartete &#8230; <a title=\"Anmeldung ab sofort! VfL-Weekend Camp 2025 Hefei\" class=\"read-more\" href=\"https:\/\/igs-hf.org\/de\/anmeldung-ab-sofort-vfl-weekend-camp-2025-hefei\/\" aria-label=\"Read more about Anmeldung ab sofort! VfL-Weekend Camp 2025 Hefei\">Weiterlesen &#8230;<\/a><\/p>\n","protected":false},"author":8,"featured_media":8629,"comment_status":"closed","ping_status":"closed","sticky":false,"template":"","format":"standard","meta":{"_acf_changed":false,"_gspb_post_css":".gspb_text-id-gsbp-72594dd,.gspb_text-id-gsbp-72594dd .gsap-g-line{text-align:center!important}.gspb_text-id-gsbp-72594dd{margin-bottom:0!important}.gspb_text-id-gsbp-ec89523,.gspb_text-id-gsbp-ec89523 .gsap-g-line{text-align:center!important}.gspb_text-id-gsbp-ec89523{margin-bottom:0!important}.gspb_text-id-gsbp-96878b7,.gspb_text-id-gsbp-96878b7 .gsap-g-line{text-align:center!important}.gspb_text-id-gsbp-96878b7{margin-bottom:0!important}","footnotes":""},"categories":[5],"tags":[],"class_list":["post-7806","post","type-post","status-publish","format-standard","has-post-thumbnail","hentry","category-unkategorisiert","generate-columns","tablet-grid-50","mobile-grid-100","grid-parent","grid-50","resize-featured-image"],"acf":[],"_links":{"self":[{"href":"https:\/\/igs-hf.org\/de\/wp-json\/wp\/v2\/posts\/7806","targetHints":{"allow":["GET"]}}],"collection":[{"href":"https:\/\/igs-hf.org\/de\/wp-json\/wp\/v2\/posts"}],"about":[{"href":"https:\/\/igs-hf.org\/de\/wp-json\/wp\/v2\/types\/post"}],"author":[{"embeddable":true,"href":"https:\/\/igs-hf.org\/de\/wp-json\/wp\/v2\/users\/8"}],"replies":[{"embeddable":true,"href":"https:\/\/igs-hf.org\/de\/wp-json\/wp\/v2\/comments?post=7806"}],"version-history":[{"count":1,"href":"https:\/\/igs-hf.org\/de\/wp-json\/wp\/v2\/posts\/7806\/revisions"}],"predecessor-version":[{"id":7807,"href":"https:\/\/igs-hf.org\/de\/wp-json\/wp\/v2\/posts\/7806\/revisions\/7807"}],"wp:featuredmedia":[{"embeddable":true,"href":"https:\/\/igs-hf.org\/de\/wp-json\/wp\/v2\/media\/8629"}],"wp:attachment":[{"href":"https:\/\/igs-hf.org\/de\/wp-json\/wp\/v2\/media?parent=7806"}],"wp:term":[{"taxonomy":"category","embeddable":true,"href":"https:\/\/igs-hf.org\/de\/wp-json\/wp\/v2\/categories?post=7806"},{"taxonomy":"post_tag","embeddable":true,"href":"https:\/\/igs-hf.org\/de\/wp-json\/wp\/v2\/tags?post=7806"}],"curies":[{"name":"wp","href":"https:\/\/api.w.org\/{rel}","templated":true}]}}